{"id":634,"date":"2020-01-04T10:30:47","date_gmt":"2020-01-04T09:30:47","guid":{"rendered":"https:\/\/www.sancur.de\/cms\/?p=634"},"modified":"2020-06-04T13:41:53","modified_gmt":"2020-06-04T11:41:53","slug":"06-07-2020-gesundheitsforum-lungenkrebs-moderne-diagnostik-und-therapie","status":"publish","type":"post","link":"https:\/\/www.sancur.de\/cms\/2020\/01\/04\/06-07-2020-gesundheitsforum-lungenkrebs-moderne-diagnostik-und-therapie\/","title":{"rendered":"06.07.2020 Gesundheitsforum: Lungenkrebs \u2013 Moderne Diagnostik und Therapie"},"content":{"rendered":"<p>[et_pb_section fb_built=&#8220;1&#8243; admin_label=&#8220;Contact Section&#8220; _builder_version=&#8220;4.2.2&#8243; use_background_color_gradient=&#8220;on&#8220; background_color_gradient_start=&#8220;#ffffff&#8220; background_color_gradient_end=&#8220;rgba(255,255,255,0)&#8220; background_color_gradient_start_position=&#8220;20%&#8220; background_color_gradient_end_position=&#8220;80%&#8220; background_color_gradient_overlays_image=&#8220;on&#8220; background_position=&#8220;bottom_center&#8220; custom_margin=&#8220;0px||0px||false|false&#8220; custom_padding=&#8220;0px|0px|0px|0px|false|false&#8220; saved_tabs=&#8220;all&#8220;][et_pb_row _builder_version=&#8220;4.2.2&#8243; custom_margin=&#8220;0px||0px||false|false&#8220; custom_padding=&#8220;0px||0px||false|false&#8220;][et_pb_column type=&#8220;4_4&#8243; _builder_version=&#8220;3.0.47&#8243; custom_padding=&#8220;|||&#8220; custom_padding__hover=&#8220;|||&#8220;][et_pb_text admin_label=&#8220;Bildunterschrift&#8220; _builder_version=&#8220;4.2.2&#8243; custom_padding=&#8220;||||false|false&#8220;]<\/p>\n<p style=\"text-align: right;\">\u00a9 Fotolia.com<\/p>\n<p>[\/et_pb_text][\/et_pb_column][\/et_pb_row][\/et_pb_section][et_pb_section fb_built=&#8220;1&#8243; _builder_version=&#8220;4.2.2&#8243; custom_margin=&#8220;0px||0px||false|false&#8220; custom_padding=&#8220;0px||0px||false|false&#8220;][et_pb_row _builder_version=&#8220;4.2.2&#8243; custom_margin=&#8220;0px||||false|false&#8220; custom_padding=&#8220;0px||||false|false&#8220;][et_pb_column type=&#8220;4_4&#8243; _builder_version=&#8220;4.2.2&#8243; custom_padding=&#8220;0px||||false|false&#8220; custom_padding__hover=&#8220;|||&#8220;][et_pb_text admin_label=&#8220;Titel&#8220; _builder_version=&#8220;4.2.2&#8243; text_font=&#8220;||||||||&#8220; text_line_height=&#8220;1.8em&#8220; header_font=&#8220;|700|||||||&#8220; header_text_color=&#8220;#a2c614&#8243; header_2_font=&#8220;|600|||||||&#8220; header_2_text_color=&#8220;#008bd2&#8243; header_2_font_size=&#8220;35px&#8220; header_2_line_height=&#8220;1.4em&#8220; header_3_font=&#8220;|600||on|||||&#8220; header_3_text_color=&#8220;#a2c614&#8243; header_3_font_size=&#8220;25px&#8220; header_3_line_height=&#8220;1.3em&#8220; header_4_font=&#8220;|||on|||||&#8220; header_4_text_color=&#8220;#63af00&#8243; header_4_font_size=&#8220;20px&#8220; module_alignment=&#8220;center&#8220; custom_margin=&#8220;||||false|false&#8220; custom_margin_tablet=&#8220;0px|||&#8220; custom_margin_phone=&#8220;|||&#8220; custom_margin_last_edited=&#8220;on|phone&#8220; header_2_font_size_tablet=&#8220;35px&#8220; header_2_font_size_phone=&#8220;30px&#8220; header_2_font_size_last_edited=&#8220;on|desktop&#8220; header_3_font_size_tablet=&#8220;&#8220; header_3_font_size_phone=&#8220;&#8220; header_3_font_size_last_edited=&#8220;on|desktop&#8220; z_index_tablet=&#8220;500&#8243; text_text_shadow_horizontal_length_tablet=&#8220;0px&#8220; text_text_shadow_vertical_length_tablet=&#8220;0px&#8220; text_text_shadow_blur_strength_tablet=&#8220;1px&#8220; link_text_shadow_horizontal_length_tablet=&#8220;0px&#8220; link_text_shadow_vertical_length_tablet=&#8220;0px&#8220; link_text_shadow_blur_strength_tablet=&#8220;1px&#8220; ul_text_shadow_horizontal_length_tablet=&#8220;0px&#8220; ul_text_shadow_vertical_length_tablet=&#8220;0px&#8220; ul_text_shadow_blur_strength_tablet=&#8220;1px&#8220; ol_text_shadow_horizontal_length_tablet=&#8220;0px&#8220; ol_text_shadow_vertical_length_tablet=&#8220;0px&#8220; ol_text_shadow_blur_strength_tablet=&#8220;1px&#8220; quote_text_shadow_horizontal_length_tablet=&#8220;0px&#8220; quote_text_shadow_vertical_length_tablet=&#8220;0px&#8220; quote_text_shadow_blur_strength_tablet=&#8220;1px&#8220; header_text_shadow_horizontal_length_tablet=&#8220;0px&#8220; header_text_shadow_vertical_length_tablet=&#8220;0px&#8220; header_text_shadow_blur_strength_tablet=&#8220;1px&#8220; header_2_text_shadow_horizontal_length_tablet=&#8220;0px&#8220; header_2_text_shadow_vertical_length_tablet=&#8220;0px&#8220; header_2_text_shadow_blur_strength_tablet=&#8220;1px&#8220; header_3_text_shadow_horizontal_length_tablet=&#8220;0px&#8220; header_3_text_shadow_vertical_length_tablet=&#8220;0px&#8220; header_3_text_shadow_blur_strength_tablet=&#8220;1px&#8220; header_4_text_shadow_horizontal_length_tablet=&#8220;0px&#8220; header_4_text_shadow_vertical_length_tablet=&#8220;0px&#8220; header_4_text_shadow_blur_strength_tablet=&#8220;1px&#8220; header_5_text_shadow_horizontal_length_tablet=&#8220;0px&#8220; header_5_text_shadow_vertical_length_tablet=&#8220;0px&#8220; header_5_text_shadow_blur_strength_tablet=&#8220;1px&#8220; header_6_text_shadow_horizontal_length_tablet=&#8220;0px&#8220; header_6_text_shadow_vertical_length_tablet=&#8220;0px&#8220; header_6_text_shadow_blur_strength_tablet=&#8220;1px&#8220; box_shadow_horizontal_tablet=&#8220;0px&#8220; box_shadow_vertical_tablet=&#8220;0px&#8220; box_shadow_blur_tablet=&#8220;40px&#8220; box_shadow_spread_tablet=&#8220;0px&#8220;]<\/p>\n<h2>Lungenkrebs \u2013 Diagnostik und Therapie<\/h2>\n<h4>Gesundheitsforum am 6. Juli 2020 im B\u00fcrgerhaus Z\u00e4hringen<\/h4>\n<p>[\/et_pb_text][et_pb_text admin_label=&#8220;Einstiegstext&#8220; _builder_version=&#8220;4.2.2&#8243; text_font=&#8220;||||||||&#8220; header_font=&#8220;|700|||||||&#8220; header_text_color=&#8220;#a2c614&#8243; header_2_font=&#8220;|600|||||||&#8220; header_2_text_color=&#8220;#008bd2&#8243; header_2_font_size=&#8220;30px&#8220; header_2_line_height=&#8220;1.4em&#8220; header_3_font=&#8220;|600||on|||||&#8220; header_3_text_color=&#8220;#a2c614&#8243; header_3_font_size=&#8220;25px&#8220; header_3_line_height=&#8220;1.3em&#8220; header_4_font=&#8220;|600|||||||&#8220; header_4_text_color=&#8220;#a2c614&#8243; header_4_font_size=&#8220;20px&#8220; module_alignment=&#8220;center&#8220; custom_margin=&#8220;||||false|false&#8220; custom_margin_tablet=&#8220;0px|||&#8220; custom_margin_phone=&#8220;|||&#8220; custom_margin_last_edited=&#8220;on|phone&#8220; header_3_font_size_tablet=&#8220;&#8220; header_3_font_size_phone=&#8220;&#8220; header_3_font_size_last_edited=&#8220;on|desktop&#8220; z_index_tablet=&#8220;500&#8243; text_text_shadow_horizontal_length_tablet=&#8220;0px&#8220; text_text_shadow_vertical_length_tablet=&#8220;0px&#8220; text_text_shadow_blur_strength_tablet=&#8220;1px&#8220; link_text_shadow_horizontal_length_tablet=&#8220;0px&#8220; link_text_shadow_vertical_length_tablet=&#8220;0px&#8220; link_text_shadow_blur_strength_tablet=&#8220;1px&#8220; ul_text_shadow_horizontal_length_tablet=&#8220;0px&#8220; ul_text_shadow_vertical_length_tablet=&#8220;0px&#8220; ul_text_shadow_blur_strength_tablet=&#8220;1px&#8220; ol_text_shadow_horizontal_length_tablet=&#8220;0px&#8220; ol_text_shadow_vertical_length_tablet=&#8220;0px&#8220; ol_text_shadow_blur_strength_tablet=&#8220;1px&#8220; quote_text_shadow_horizontal_length_tablet=&#8220;0px&#8220; quote_text_shadow_vertical_length_tablet=&#8220;0px&#8220; quote_text_shadow_blur_strength_tablet=&#8220;1px&#8220; header_text_shadow_horizontal_length_tablet=&#8220;0px&#8220; header_text_shadow_vertical_length_tablet=&#8220;0px&#8220; header_text_shadow_blur_strength_tablet=&#8220;1px&#8220; header_2_text_shadow_horizontal_length_tablet=&#8220;0px&#8220; header_2_text_shadow_vertical_length_tablet=&#8220;0px&#8220; header_2_text_shadow_blur_strength_tablet=&#8220;1px&#8220; header_3_text_shadow_horizontal_length_tablet=&#8220;0px&#8220; header_3_text_shadow_vertical_length_tablet=&#8220;0px&#8220; header_3_text_shadow_blur_strength_tablet=&#8220;1px&#8220; header_4_text_shadow_horizontal_length_tablet=&#8220;0px&#8220; header_4_text_shadow_vertical_length_tablet=&#8220;0px&#8220; header_4_text_shadow_blur_strength_tablet=&#8220;1px&#8220; header_5_text_shadow_horizontal_length_tablet=&#8220;0px&#8220; header_5_text_shadow_vertical_length_tablet=&#8220;0px&#8220; header_5_text_shadow_blur_strength_tablet=&#8220;1px&#8220; header_6_text_shadow_horizontal_length_tablet=&#8220;0px&#8220; header_6_text_shadow_vertical_length_tablet=&#8220;0px&#8220; header_6_text_shadow_blur_strength_tablet=&#8220;1px&#8220; box_shadow_horizontal_tablet=&#8220;0px&#8220; box_shadow_vertical_tablet=&#8220;0px&#8220; box_shadow_blur_tablet=&#8220;40px&#8220; box_shadow_spread_tablet=&#8220;0px&#8220;]<\/p>\n<p><strong>Anl\u00e4sslich des Weltkrebstages teilte das Deutsche Krebsforschungszentrum schon 2015 mit, dass Lungenkrebs erstmalig auch bei Frauen die h\u00e4ufigste Krebstodesursache sein wird. Aber es besteht auch Grund zur Hoffnung: die Fortschritte in der Krebsforschung lassen f\u00fcr die n\u00e4here Zukunft bessere Behandlungserfolge erwarten.<\/strong><\/p>\n<p>Im Rahmen des Gesundheitsforums \u201eLungenkrebs \u2013 Moderne Diagnostik und Therapie\u201c werden am Montag, 6. Juli 2020 um 19 Uhr im B\u00fcrgerhaus Z\u00e4hringen (Lameystr. 2 in Freiburg) die Diagnose- und Therapieverfahren moderner Medizin vorgestellt.<\/p>\n<p>Referieren werden <strong>Dr. Thomas Osei-Agyemang<\/strong>, Gesch\u00e4ftsf\u00fchrender Oberarzt in der Klinik f\u00fcr Thoraxchirurgie des Universit\u00e4tsklinikums Freiburg, <strong>Professor Dr. Stephan Sorichter<\/strong>, Chefarzt der Klinik f\u00fcr Pneumologie im St. Josefskrankenhaus (RKK Klinikum), <strong>PD Dr. Christian Wei\u00dfenberger,<\/strong> Leiter des Zentrums f\u00fcr Strahlentherapie Freiburg und <strong>Professor Dr. Christoph Bielitz<\/strong>, Leiter des Sigma-Instituts im Freiburger \u00c4rztehaus WTZ.<\/p>\n<p><strong>Der Eintritt ist frei.<\/strong> Aufgrund der begrenzten Kapazit\u00e4t ist eine Anmeldung erforderlich unter<br \/>Telefon<strong> 07761 55 66 311<\/strong> oder per <strong>E-Mail: <a href=\"mailto:info@sigma-akademie.de\">info@sigma-akademie.de<\/a><\/strong><\/p>\n<p>[\/et_pb_text][et_pb_divider _builder_version=&#8220;4.2.2&#8243; z_index_tablet=&#8220;500&#8243; box_shadow_horizontal_tablet=&#8220;0px&#8220; box_shadow_vertical_tablet=&#8220;0px&#8220; box_shadow_blur_tablet=&#8220;40px&#8220; box_shadow_spread_tablet=&#8220;0px&#8220;][\/et_pb_divider][\/et_pb_column][\/et_pb_row][\/et_pb_section][et_pb_section fb_built=&#8220;1&#8243; _builder_version=&#8220;4.2.2&#8243; custom_margin=&#8220;0px||0px||false|false&#8220; custom_padding=&#8220;0px||0px||false|false&#8220;][et_pb_row _builder_version=&#8220;4.2.2&#8243; custom_margin=&#8220;0px||0px||false|false&#8220; custom_padding=&#8220;0px||0px||false|false&#8220;][et_pb_column type=&#8220;4_4&#8243; _builder_version=&#8220;4.2.2&#8243;][et_pb_text _builder_version=&#8220;4.2.2&#8243; header_3_font=&#8220;|600|||||||&#8220; header_3_text_color=&#8220;#f7a600&#8243; z_index_tablet=&#8220;500&#8243; text_text_shadow_horizontal_length_tablet=&#8220;0px&#8220; text_text_shadow_vertical_length_tablet=&#8220;0px&#8220; text_text_shadow_blur_strength_tablet=&#8220;1px&#8220; link_text_shadow_horizontal_length_tablet=&#8220;0px&#8220; link_text_shadow_vertical_length_tablet=&#8220;0px&#8220; link_text_shadow_blur_strength_tablet=&#8220;1px&#8220; ul_text_shadow_horizontal_length_tablet=&#8220;0px&#8220; ul_text_shadow_vertical_length_tablet=&#8220;0px&#8220; ul_text_shadow_blur_strength_tablet=&#8220;1px&#8220; ol_text_shadow_horizontal_length_tablet=&#8220;0px&#8220; ol_text_shadow_vertical_length_tablet=&#8220;0px&#8220; ol_text_shadow_blur_strength_tablet=&#8220;1px&#8220; quote_text_shadow_horizontal_length_tablet=&#8220;0px&#8220; quote_text_shadow_vertical_length_tablet=&#8220;0px&#8220; quote_text_shadow_blur_strength_tablet=&#8220;1px&#8220; header_text_shadow_horizontal_length_tablet=&#8220;0px&#8220; header_text_shadow_vertical_length_tablet=&#8220;0px&#8220; header_text_shadow_blur_strength_tablet=&#8220;1px&#8220; header_2_text_shadow_horizontal_length_tablet=&#8220;0px&#8220; header_2_text_shadow_vertical_length_tablet=&#8220;0px&#8220; header_2_text_shadow_blur_strength_tablet=&#8220;1px&#8220; header_3_text_shadow_horizontal_length_tablet=&#8220;0px&#8220; header_3_text_shadow_vertical_length_tablet=&#8220;0px&#8220; header_3_text_shadow_blur_strength_tablet=&#8220;1px&#8220; header_4_text_shadow_horizontal_length_tablet=&#8220;0px&#8220; header_4_text_shadow_vertical_length_tablet=&#8220;0px&#8220; header_4_text_shadow_blur_strength_tablet=&#8220;1px&#8220; header_5_text_shadow_horizontal_length_tablet=&#8220;0px&#8220; header_5_text_shadow_vertical_length_tablet=&#8220;0px&#8220; header_5_text_shadow_blur_strength_tablet=&#8220;1px&#8220; header_6_text_shadow_horizontal_length_tablet=&#8220;0px&#8220; header_6_text_shadow_vertical_length_tablet=&#8220;0px&#8220; header_6_text_shadow_blur_strength_tablet=&#8220;1px&#8220; box_shadow_horizontal_tablet=&#8220;0px&#8220; box_shadow_vertical_tablet=&#8220;0px&#8220; box_shadow_blur_tablet=&#8220;40px&#8220; box_shadow_spread_tablet=&#8220;0px&#8220;]<\/p>\n<p><strong>Lungenkrebs bleibt oft lange Zeit unbemerkt, denn es gibt bei dieser Erkrankung keine Fr\u00fchwarnzeichen. Im Gegensatz zu Krebsarten wie Brust-, Darm- oder Prostatakrebs bietet die Medizin bis dato keine anerkannten Untersuchungen zur Fr\u00fcherkennung.<\/strong><\/p>\n<p>\u201eDeshalb sollten Abgeschlagenheit, verminderte Belastbarkeit und Gewichtsverlust oder anhaltende Beschwerden wie hartn\u00e4ckiger Husten, starker Auswurf oder Heiserkeit konsequent abgekl\u00e4rt werden\u201c, betont <strong>Professor Dr. Stephan Sorichter. <\/strong>Ob Operation, Chemotherapie, Strahlentherapie oder zielgerichtete Therapie \u2013 welche Methode jeweils zum Einsatz kommt, h\u00e4ngt in erster Linie von der Tumorart und dem Erkrankungsstadium ab.<\/p>\n<p>\u201eIm Zentrum steht dabei die Lebensqualit\u00e4t des Patienten\u201c, unterstreicht <strong>Dr. Thomas Osei-Agyemang<\/strong> und erkl\u00e4rt: \u201eDie Operation spielt vor allem beim nicht-kleinzelligen Lungenkrebs eine zentrale Rolle\u201c. Wenn dieser Tumor rechtzeitig entdeckt und operiert wird, ist eine Heilung m\u00f6glich. Beim kleinzelligen Bronchialkarzinom kommt es dagegen fr\u00fchzeitig \u00fcber Lymph- und Blutwege zur Ausbreitung im ganzen K\u00f6rper. Bei diesem Tumor steht daher die Chemo- und Strahlentherapie im Vordergrund.<\/p>\n<p>[\/et_pb_text][\/et_pb_column][\/et_pb_row][et_pb_row column_structure=&#8220;1_4,1_4,1_4,1_4&#8243; _builder_version=&#8220;4.2.2&#8243;][et_pb_column type=&#8220;1_4&#8243; _builder_version=&#8220;4.2.2&#8243;][et_pb_team_member name=&#8220;PD Dr. Christian Wei\u00dfenberger&#8220; position=&#8220;Leiter des Zentrum f\u00fcr Strahlentherapie Freiburg&#8220; image_url=&#8220;https:\/\/www.sancur.de\/cms\/wp-content\/uploads\/2020\/01\/NEWS-Weissenberger-600&#215;500-1.jpg&#8220; admin_label=&#8220;Person PD Dr. Christian Wei\u00dfenberger&#8220; _builder_version=&#8220;4.2.2&#8243; header_font=&#8220;Actor||||||||&#8220; header_text_color=&#8220;#63af00&#8243; header_font_size=&#8220;16px&#8220; position_font=&#8220;||on||||||&#8220; position_text_color=&#8220;#9e9e9e&#8220;][\/et_pb_team_member][\/et_pb_column][et_pb_column type=&#8220;1_4&#8243; _builder_version=&#8220;4.2.2&#8243;][et_pb_team_member name=&#8220;Dr. Thomas Osei-Agyemang&#8220; position=&#8220;Gesch\u00e4ftsf\u00fchrender Oberarzt in der Klinik f\u00fcr Thoraxchirurgie Universit\u00e4tsklinik Freiburg&#8220; image_url=&#8220;https:\/\/www.sancur.de\/cms\/wp-content\/uploads\/2020\/01\/NEWS-OselAgymang-600&#215;500-1.jpg&#8220; admin_label=&#8220;Person Dr. Thomas Osei-Agyemang&#8220; _builder_version=&#8220;4.2.2&#8243; header_font=&#8220;Actor||||||||&#8220; header_text_color=&#8220;#63af00&#8243; header_font_size=&#8220;16px&#8220; position_font=&#8220;||on||||||&#8220; position_text_color=&#8220;#9e9e9e&#8220;][\/et_pb_team_member][\/et_pb_column][et_pb_column type=&#8220;1_4&#8243; _builder_version=&#8220;4.2.2&#8243;][et_pb_team_member name=&#8220;Professor Dr. Stephan Sorichter&#8220; position=&#8220;Chefarzt der Klinik f\u00fcr Pneumologie im St. Josefskrankenhaus, RKK Klinikum&#8220; image_url=&#8220;https:\/\/www.sancur.de\/cms\/wp-content\/uploads\/2020\/01\/NEWS-Sorichter-600&#215;500-1.jpg&#8220; admin_label=&#8220;Person Professor Dr. Stephan Sorichter&#8220; _builder_version=&#8220;4.2.2&#8243; header_font=&#8220;Actor||||||||&#8220; header_text_color=&#8220;#63af00&#8243; header_font_size=&#8220;16px&#8220; position_font=&#8220;||on||||||&#8220; position_text_color=&#8220;#9e9e9e&#8220;][\/et_pb_team_member][\/et_pb_column][et_pb_column type=&#8220;1_4&#8243; _builder_version=&#8220;4.2.2&#8243;][et_pb_team_member name=&#8220;Professor Dr. Christoph Bielitz&#8220; position=&#8220;\u00c4rztlicher Direktor der psychiatrischen Fachklinik Sigma-Zentrum Bad S\u00e4ckingen&#8220; image_url=&#8220;https:\/\/www.sancur.de\/cms\/wp-content\/uploads\/2020\/01\/NEWS-Bielitz-600&#215;500-1.jpg&#8220; admin_label=&#8220;Person Professor Dr. Christoph Bielitz&#8220; _builder_version=&#8220;4.2.2&#8243; header_font=&#8220;Actor||||||||&#8220; header_text_color=&#8220;#63af00&#8243; header_font_size=&#8220;16px&#8220; position_font=&#8220;||on||||||&#8220; position_text_color=&#8220;#9e9e9e&#8220;][\/et_pb_team_member][\/et_pb_column][\/et_pb_row][et_pb_row _builder_version=&#8220;4.2.2&#8243;][et_pb_column type=&#8220;4_4&#8243; _builder_version=&#8220;4.2.2&#8243;][et_pb_text _builder_version=&#8220;4.2.2&#8243; header_3_font=&#8220;|600|||||||&#8220; header_3_text_color=&#8220;#f7a600&#8243; z_index_tablet=&#8220;500&#8243; text_text_shadow_horizontal_length_tablet=&#8220;0px&#8220; text_text_shadow_vertical_length_tablet=&#8220;0px&#8220; text_text_shadow_blur_strength_tablet=&#8220;1px&#8220; link_text_shadow_horizontal_length_tablet=&#8220;0px&#8220; link_text_shadow_vertical_length_tablet=&#8220;0px&#8220; link_text_shadow_blur_strength_tablet=&#8220;1px&#8220; ul_text_shadow_horizontal_length_tablet=&#8220;0px&#8220; ul_text_shadow_vertical_length_tablet=&#8220;0px&#8220; ul_text_shadow_blur_strength_tablet=&#8220;1px&#8220; ol_text_shadow_horizontal_length_tablet=&#8220;0px&#8220; ol_text_shadow_vertical_length_tablet=&#8220;0px&#8220; ol_text_shadow_blur_strength_tablet=&#8220;1px&#8220; quote_text_shadow_horizontal_length_tablet=&#8220;0px&#8220; quote_text_shadow_vertical_length_tablet=&#8220;0px&#8220; quote_text_shadow_blur_strength_tablet=&#8220;1px&#8220; header_text_shadow_horizontal_length_tablet=&#8220;0px&#8220; header_text_shadow_vertical_length_tablet=&#8220;0px&#8220; header_text_shadow_blur_strength_tablet=&#8220;1px&#8220; header_2_text_shadow_horizontal_length_tablet=&#8220;0px&#8220; header_2_text_shadow_vertical_length_tablet=&#8220;0px&#8220; header_2_text_shadow_blur_strength_tablet=&#8220;1px&#8220; header_3_text_shadow_horizontal_length_tablet=&#8220;0px&#8220; header_3_text_shadow_vertical_length_tablet=&#8220;0px&#8220; header_3_text_shadow_blur_strength_tablet=&#8220;1px&#8220; header_4_text_shadow_horizontal_length_tablet=&#8220;0px&#8220; header_4_text_shadow_vertical_length_tablet=&#8220;0px&#8220; header_4_text_shadow_blur_strength_tablet=&#8220;1px&#8220; header_5_text_shadow_horizontal_length_tablet=&#8220;0px&#8220; header_5_text_shadow_vertical_length_tablet=&#8220;0px&#8220; header_5_text_shadow_blur_strength_tablet=&#8220;1px&#8220; header_6_text_shadow_horizontal_length_tablet=&#8220;0px&#8220; header_6_text_shadow_vertical_length_tablet=&#8220;0px&#8220; header_6_text_shadow_blur_strength_tablet=&#8220;1px&#8220; box_shadow_horizontal_tablet=&#8220;0px&#8220; box_shadow_vertical_tablet=&#8220;0px&#8220; box_shadow_blur_tablet=&#8220;40px&#8220; box_shadow_spread_tablet=&#8220;0px&#8220;]<\/p>\n<p><strong>Dies gilt auch f\u00fcr die Sp\u00e4tstadien aller Lungenkrebsformen: wenn der Tumor bereits entfernt gelegene Lymphknoten oder andere Organe befallen hat, wird Chemotherapie \u2013 h\u00e4ufig in Kombination mit Strahlentherapie \u2013 eingesetzt, um das weitere Tumorwachstum zu stoppen oder zu verlangsamen.<\/strong><\/p>\n<p>\u201eBei vielen Arten von Lungenkrebs kann eine zus\u00e4tzliche Bestrahlung des Brustkorbs oder der befallenen K\u00f6rperregionen das Leben unserer Patienten oder Patientinnen verl\u00e4ngern\u201c, f\u00fchrt <strong>PD Dr. Christian Wei\u00dfenberger<\/strong> aus. Neue Techniken wie die <strong>IMRT (Intensit\u00e4ts-modulierte Strahlentherapie)<\/strong> helfen dabei, das Herz und die gesunden Anteile der Lunge weitgehend zu schonen.<br \/> \u201eLebensbedrohliche Erkrankungen wie Krebs k\u00f6nnen auch Depressionen ausl\u00f6sen, die oftmals zu einer Abw\u00e4rtsspirale f\u00fchren, weil sie dem Patienten den Lebensmut rauben, die Immunabwehr schw\u00e4chen und dadurch die Kraft nehmen, gegen die Krebserkrankung zu k\u00e4mpfen\u201c berichtet <strong>Professor Dr. Christoph Bielitz.<\/strong> Dabei sind die Problemlagen und daraus resultierenden psychosozialen Bed\u00fcrfnisse von Krebspatienten je nach Lebensphase, in der die Erkrankung auftritt, oft sehr unterschiedlich.<\/p>\n<p>Bei betagten Patienten bestehen z.B. h\u00e4ufig Multimorbidit\u00e4t und daraus resultierend schwierige Behandlungsentscheidungen, aber auch Probleme der Alltagsbew\u00e4ltigung oder Gefahren von sozialer Vereinsamung. Bei sehr jungen Menschen kann die Krankheit psychische und soziale Entwicklungsvorg\u00e4nge beeintr\u00e4chtigen, die Betroffenen haben aber gleichzeitig weniger Verarbeitungsm\u00f6glichkeiten, mit Lebenskrisen umzugehen als \u00e4ltere Patienten.<\/p>\n<h3>\u200b<\/h3>\n<p>[\/et_pb_text][et_pb_divider _builder_version=&#8220;3.26.6&#8243; z_index_tablet=&#8220;500&#8243; box_shadow_horizontal_tablet=&#8220;0px&#8220; box_shadow_vertical_tablet=&#8220;0px&#8220; box_shadow_blur_tablet=&#8220;40px&#8220; box_shadow_spread_tablet=&#8220;0px&#8220;][\/et_pb_divider][\/et_pb_column][\/et_pb_row][\/et_pb_section][et_pb_section fb_built=&#8220;1&#8243; _builder_version=&#8220;4.2.2&#8243; custom_margin=&#8220;0px||0px||false|false&#8220; custom_padding=&#8220;0px||0px||false|false&#8220;][et_pb_row column_structure=&#8220;1_2,1_2&#8243; admin_label=&#8220;Contact Us Row&#8220; _builder_version=&#8220;4.2.2&#8243; custom_margin=&#8220;0px||0px||false|false&#8220; custom_padding=&#8220;0px||0px||false|false&#8220; z_index_tablet=&#8220;500&#8243; box_shadow_horizontal_tablet=&#8220;0px&#8220; box_shadow_vertical_tablet=&#8220;0px&#8220; box_shadow_blur_tablet=&#8220;40px&#8220; box_shadow_spread_tablet=&#8220;0px&#8220;][et_pb_column type=&#8220;1_2&#8243; _builder_version=&#8220;3.0.47&#8243; custom_padding=&#8220;|||&#8220; custom_padding__hover=&#8220;|||&#8220;][et_pb_text _builder_version=&#8220;4.2.2&#8243; header_3_font=&#8220;|600|||||||&#8220; header_3_text_color=&#8220;#f7a600&#8243; z_index_tablet=&#8220;500&#8243; text_text_shadow_horizontal_length_tablet=&#8220;0px&#8220; text_text_shadow_vertical_length_tablet=&#8220;0px&#8220; text_text_shadow_blur_strength_tablet=&#8220;1px&#8220; link_text_shadow_horizontal_length_tablet=&#8220;0px&#8220; link_text_shadow_vertical_length_tablet=&#8220;0px&#8220; link_text_shadow_blur_strength_tablet=&#8220;1px&#8220; ul_text_shadow_horizontal_length_tablet=&#8220;0px&#8220; ul_text_shadow_vertical_length_tablet=&#8220;0px&#8220; ul_text_shadow_blur_strength_tablet=&#8220;1px&#8220; ol_text_shadow_horizontal_length_tablet=&#8220;0px&#8220; ol_text_shadow_vertical_length_tablet=&#8220;0px&#8220; ol_text_shadow_blur_strength_tablet=&#8220;1px&#8220; quote_text_shadow_horizontal_length_tablet=&#8220;0px&#8220; quote_text_shadow_vertical_length_tablet=&#8220;0px&#8220; quote_text_shadow_blur_strength_tablet=&#8220;1px&#8220; header_text_shadow_horizontal_length_tablet=&#8220;0px&#8220; header_text_shadow_vertical_length_tablet=&#8220;0px&#8220; header_text_shadow_blur_strength_tablet=&#8220;1px&#8220; header_2_text_shadow_horizontal_length_tablet=&#8220;0px&#8220; header_2_text_shadow_vertical_length_tablet=&#8220;0px&#8220; header_2_text_shadow_blur_strength_tablet=&#8220;1px&#8220; header_3_text_shadow_horizontal_length_tablet=&#8220;0px&#8220; header_3_text_shadow_vertical_length_tablet=&#8220;0px&#8220; header_3_text_shadow_blur_strength_tablet=&#8220;1px&#8220; header_4_text_shadow_horizontal_length_tablet=&#8220;0px&#8220; header_4_text_shadow_vertical_length_tablet=&#8220;0px&#8220; header_4_text_shadow_blur_strength_tablet=&#8220;1px&#8220; header_5_text_shadow_horizontal_length_tablet=&#8220;0px&#8220; header_5_text_shadow_vertical_length_tablet=&#8220;0px&#8220; header_5_text_shadow_blur_strength_tablet=&#8220;1px&#8220; header_6_text_shadow_horizontal_length_tablet=&#8220;0px&#8220; header_6_text_shadow_vertical_length_tablet=&#8220;0px&#8220; header_6_text_shadow_blur_strength_tablet=&#8220;1px&#8220; box_shadow_horizontal_tablet=&#8220;0px&#8220; box_shadow_vertical_tablet=&#8220;0px&#8220; box_shadow_blur_tablet=&#8220;40px&#8220; box_shadow_spread_tablet=&#8220;0px&#8220;]<\/p>\n<p><strong>Datum:<\/strong><br \/> Montag, 6. Juli 2020<\/p>\n<p><strong>Uhrzeit:<\/strong> 19.00 Uhr<\/p>\n<p><strong>Ort:<\/strong> B\u00fcrgerhaus Z\u00e4hringen<br \/>Lameystra\u00dfe 2<br \/>79108 Freiburg im Breisgau<\/p>\n<h3>\u200b<\/h3>\n<p>[\/et_pb_text][\/et_pb_column][et_pb_column type=&#8220;1_2&#8243; _builder_version=&#8220;3.0.47&#8243; custom_padding=&#8220;|||&#8220; custom_padding__hover=&#8220;|||&#8220;][et_pb_text _builder_version=&#8220;4.2.2&#8243; header_3_font=&#8220;|600|||||||&#8220; header_3_text_color=&#8220;#f7a600&#8243; z_index_tablet=&#8220;500&#8243; text_text_shadow_horizontal_length_tablet=&#8220;0px&#8220; text_text_shadow_vertical_length_tablet=&#8220;0px&#8220; text_text_shadow_blur_strength_tablet=&#8220;1px&#8220; link_text_shadow_horizontal_length_tablet=&#8220;0px&#8220; link_text_shadow_vertical_length_tablet=&#8220;0px&#8220; link_text_shadow_blur_strength_tablet=&#8220;1px&#8220; ul_text_shadow_horizontal_length_tablet=&#8220;0px&#8220; ul_text_shadow_vertical_length_tablet=&#8220;0px&#8220; ul_text_shadow_blur_strength_tablet=&#8220;1px&#8220; ol_text_shadow_horizontal_length_tablet=&#8220;0px&#8220; ol_text_shadow_vertical_length_tablet=&#8220;0px&#8220; ol_text_shadow_blur_strength_tablet=&#8220;1px&#8220; quote_text_shadow_horizontal_length_tablet=&#8220;0px&#8220; quote_text_shadow_vertical_length_tablet=&#8220;0px&#8220; quote_text_shadow_blur_strength_tablet=&#8220;1px&#8220; header_text_shadow_horizontal_length_tablet=&#8220;0px&#8220; header_text_shadow_vertical_length_tablet=&#8220;0px&#8220; header_text_shadow_blur_strength_tablet=&#8220;1px&#8220; header_2_text_shadow_horizontal_length_tablet=&#8220;0px&#8220; header_2_text_shadow_vertical_length_tablet=&#8220;0px&#8220; header_2_text_shadow_blur_strength_tablet=&#8220;1px&#8220; header_3_text_shadow_horizontal_length_tablet=&#8220;0px&#8220; header_3_text_shadow_vertical_length_tablet=&#8220;0px&#8220; header_3_text_shadow_blur_strength_tablet=&#8220;1px&#8220; header_4_text_shadow_horizontal_length_tablet=&#8220;0px&#8220; header_4_text_shadow_vertical_length_tablet=&#8220;0px&#8220; header_4_text_shadow_blur_strength_tablet=&#8220;1px&#8220; header_5_text_shadow_horizontal_length_tablet=&#8220;0px&#8220; header_5_text_shadow_vertical_length_tablet=&#8220;0px&#8220; header_5_text_shadow_blur_strength_tablet=&#8220;1px&#8220; header_6_text_shadow_horizontal_length_tablet=&#8220;0px&#8220; header_6_text_shadow_vertical_length_tablet=&#8220;0px&#8220; header_6_text_shadow_blur_strength_tablet=&#8220;1px&#8220; box_shadow_horizontal_tablet=&#8220;0px&#8220; box_shadow_vertical_tablet=&#8220;0px&#8220; box_shadow_blur_tablet=&#8220;40px&#8220; box_shadow_spread_tablet=&#8220;0px&#8220;]<\/p>\n<p><strong>Die Teilnahme ist kostenfrei.<\/strong><br \/> Um vorherige Anmeldung wird gebeten.<\/p>\n<p><strong>Anmeldung und Kontakt:<\/strong><br \/> Telefon: (07761) 55 66 311<br \/> E-Mail: <a href=\"mailto:info@sigma-akademie.de\">info@sigma-akademie.de<\/a><\/p>\n<p>Montag bis Freitag zwischen 8 und 15 Uhr<\/p>\n<p>[\/et_pb_text][\/et_pb_column][\/et_pb_row][et_pb_row _builder_version=&#8220;3.26.6&#8243; background_size=&#8220;initial&#8220; background_position=&#8220;top_left&#8220; background_repeat=&#8220;repeat&#8220; z_index_tablet=&#8220;500&#8243; box_shadow_horizontal_tablet=&#8220;0px&#8220; box_shadow_vertical_tablet=&#8220;0px&#8220; box_shadow_blur_tablet=&#8220;40px&#8220; box_shadow_spread_tablet=&#8220;0px&#8220; collapsed=&#8220;off&#8220;][et_pb_column type=&#8220;4_4&#8243; _builder_version=&#8220;3.0.47&#8243; custom_padding=&#8220;|||&#8220; custom_padding__hover=&#8220;|||&#8220;][et_pb_map address=&#8220;Gerhart-Hauptmann-Stra\u00dfe 1, 79110 Freiburg im Breisgau, Deutschland&#8220; zoom_level=&#8220;13&#8243; address_lat=&#8220;48.006398492614&#8243; address_lng=&#8220;7.8316411218262&#8243; mouse_wheel=&#8220;off&#8220; _builder_version=&#8220;4.2.2&#8243;][et_pb_map_pin title=&#8220;B\u00fcrgerhaus Seepark&#8220; pin_address=&#8220;Gerhart-Hauptmann-Stra\u00dfe 1, 79110 Freiburg im Breisgau, Deutschland&#8220; pin_address_lat=&#8220;48.0126&#8243; pin_address_lng=&#8220;7.81396&#8243; _builder_version=&#8220;4.2.2&#8243;][\/et_pb_map_pin][\/et_pb_map][\/et_pb_column][\/et_pb_row][\/et_pb_section]<\/p>\n","protected":false},"excerpt":{"rendered":"<p>Das RKK Klinikum und das Zentrum f\u00fcr Strahlentherapie laden ein zum Gesundheitsforum <b>\u201eLungenkrebs \u2013 Moderne Diagnostik und Therapie\u201c<\/b> Interessierte und Betroffene haben die M\u00f6glichkeit, sich aus erster Hand \u00fcber die Fortschritte in der Krebsforschung zu informieren, sowie aktuelle Diagnose- und Therapieverfahren kennenzulernen.<br \/>\n<b>Der Eintritt ist frei.<\/b><\/p>\n","protected":false},"author":2,"featured_media":1004,"comment_status":"open","ping_status":"open","sticky":false,"template":"","format":"standard","meta":{"_et_pb_use_builder":"on","_et_pb_old_content":"","_et_gb_content_width":"","footnotes":""},"categories":[1,12,7,9,17],"tags":[19,15,18,21,20],"class_list":["post-634","post","type-post","status-publish","format-standard","has-post-thumbnail","hentry","category-allgemein","category-fuer-patienten","category-gesundheitsforum","category-health-year","category-veranstaltung","tag-diagnostik","tag-gesundheitsforum-freiburg","tag-lungenkrebs","tag-strahlentherapie-zentrum-freiburg","tag-therapie"],"_links":{"self":[{"href":"https:\/\/www.sancur.de\/cms\/wp-json\/wp\/v2\/posts\/634","targetHints":{"allow":["GET"]}}],"collection":[{"href":"https:\/\/www.sancur.de\/cms\/wp-json\/wp\/v2\/posts"}],"about":[{"href":"https:\/\/www.sancur.de\/cms\/wp-json\/wp\/v2\/types\/post"}],"author":[{"embeddable":true,"href":"https:\/\/www.sancur.de\/cms\/wp-json\/wp\/v2\/users\/2"}],"replies":[{"embeddable":true,"href":"https:\/\/www.sancur.de\/cms\/wp-json\/wp\/v2\/comments?post=634"}],"version-history":[{"count":13,"href":"https:\/\/www.sancur.de\/cms\/wp-json\/wp\/v2\/posts\/634\/revisions"}],"predecessor-version":[{"id":1010,"href":"https:\/\/www.sancur.de\/cms\/wp-json\/wp\/v2\/posts\/634\/revisions\/1010"}],"wp:featuredmedia":[{"embeddable":true,"href":"https:\/\/www.sancur.de\/cms\/wp-json\/wp\/v2\/media\/1004"}],"wp:attachment":[{"href":"https:\/\/www.sancur.de\/cms\/wp-json\/wp\/v2\/media?parent=634"}],"wp:term":[{"taxonomy":"category","embeddable":true,"href":"https:\/\/www.sancur.de\/cms\/wp-json\/wp\/v2\/categories?post=634"},{"taxonomy":"post_tag","embeddable":true,"href":"https:\/\/www.sancur.de\/cms\/wp-json\/wp\/v2\/tags?post=634"}],"curies":[{"name":"wp","href":"https:\/\/api.w.org\/{rel}","templated":true}]}}